{"id":7362,"date":"2015-08-10T11:49:20","date_gmt":"2015-08-10T15:49:20","guid":{"rendered":"https:\/\/camrt.wpenginepowered.com\/fr\/?p=7362"},"modified":"2025-09-05T10:51:54","modified_gmt":"2025-09-05T14:51:54","slug":"radiotherapeutes-venez-chercher-des-credits-de-ppc-a-la-journee-educative-camrtcaro","status":"publish","type":"post","link":"https:\/\/camrt.ca\/fr\/blog\/2015\/08\/10\/radiotherapeutes-venez-chercher-des-credits-de-ppc-a-la-journee-educative-camrtcaro\/","title":{"rendered":"Radioth\u00e9rapeutes, venez chercher des cr\u00e9dits de PPC \u00e0 la journ\u00e9e \u00e9ducative CAMRT@CARO!"},"content":{"rendered":"<p>Venez profiter d\u2019une occasion de perfectionnement professionnel unique en participant \u00e0 CAMRT@CARO, une journ\u00e9e de formation en radioth\u00e9rapie con\u00e7ue par des radioth\u00e9rapeutes pour des radioth\u00e9rapeutes. Cette journ\u00e9e se tiendra le 9 septembre, dans le cadre de la r\u00e9union scientifique annuelle 2015 de CARO, au Delta Okanagan Resort and Conference de Kelowna, C.-B.<\/p>\n<p>Des experts cliniques et universitaires partageront leur exp\u00e9rience et leurs connaissances des pratiques actuelles et des perspectives en radioth\u00e9rapie. \u00c0 la fin de la journ\u00e9e, vous \u00eates invit\u00e9s \u00e0 vous joindre \u00e0 nous lors d\u2019une r\u00e9ception de r\u00e9seautage autour d\u2019un bon vin de la vall\u00e9e de l\u2019Okanagan.<\/p>\n<p>Cette occasion de perfectionnement professionnel unique vous permettra de recevoir des cr\u00e9dits de formation continue de cat\u00e9gorie A et des cr\u00e9dits du Medical Dosimetrist Certification Board (MDCB).<\/p>\n<p>Pour plus d\u2019information sur les activit\u00e9s de la journ\u00e9e \u00e9ducative CAMRT@CARO, pour conna\u00eetre les conf\u00e9renciers et pour vous inscrire, rendez-vous sur <a href=\"https:\/\/camrt.wpenginepowered.com\/fr\/evenements\/camrtcaro\/\">https:\/\/camrt.wpenginepowered.com\/fr\/evenements\/camrtcaro\/<\/a>.<\/p>\n","protected":false},"excerpt":{"rendered":"<p>Venez profiter d\u2019une occasion de perfectionnement professionnel unique en participant \u00e0 CAMRT@CARO, une journ\u00e9e de formation en radioth\u00e9rapie con\u00e7ue par des radioth\u00e9rapeutes pour des radioth\u00e9rapeutes. Cette journ\u00e9e se tiendra le [&hellip;]<\/p>\n","protected":false},"author":30,"featured_media":47355,"comment_status":"open","ping_status":"open","sticky":false,"template":"","format":"standard","meta":{"_monsterinsights_skip_tracking":false,"_monsterinsights_sitenote_active":false,"_monsterinsights_sitenote_note":"","_monsterinsights_sitenote_category":0,"footnotes":""},"categories":[104],"tags":[],"class_list":["post-7362","post","type-post","status-publish","format-standard","has-post-thumbnail","hentry","category-nouvelles"],"_links":{"self":[{"href":"https:\/\/camrt.ca\/fr\/wp-json\/wp\/v2\/posts\/7362","targetHints":{"allow":["GET"]}}],"collection":[{"href":"https:\/\/camrt.ca\/fr\/wp-json\/wp\/v2\/posts"}],"about":[{"href":"https:\/\/camrt.ca\/fr\/wp-json\/wp\/v2\/types\/post"}],"author":[{"embeddable":true,"href":"https:\/\/camrt.ca\/fr\/wp-json\/wp\/v2\/users\/30"}],"replies":[{"embeddable":true,"href":"https:\/\/camrt.ca\/fr\/wp-json\/wp\/v2\/comments?post=7362"}],"version-history":[{"count":0,"href":"https:\/\/camrt.ca\/fr\/wp-json\/wp\/v2\/posts\/7362\/revisions"}],"wp:featuredmedia":[{"embeddable":true,"href":"https:\/\/camrt.ca\/fr\/wp-json\/wp\/v2\/media\/47355"}],"wp:attachment":[{"href":"https:\/\/camrt.ca\/fr\/wp-json\/wp\/v2\/media?parent=7362"}],"wp:term":[{"taxonomy":"category","embeddable":true,"href":"https:\/\/camrt.ca\/fr\/wp-json\/wp\/v2\/categories?post=7362"},{"taxonomy":"post_tag","embeddable":true,"href":"https:\/\/camrt.ca\/fr\/wp-json\/wp\/v2\/tags?post=7362"}],"curies":[{"name":"wp","href":"https:\/\/api.w.org\/{rel}","templated":true}]}}