{"id":47313,"date":"2017-08-15T17:04:27","date_gmt":"2017-08-15T21:04:27","guid":{"rendered":"https:\/\/camrt.wpenginepowered.com\/fr\/?p=7873"},"modified":"2025-09-05T10:50:48","modified_gmt":"2025-09-05T14:50:48","slug":"appel-darticles-pour-les-numeros-de-2016-du-jimsr","status":"publish","type":"post","link":"https:\/\/camrt.ca\/fr\/blog\/2017\/08\/15\/appel-darticles-pour-les-numeros-de-2016-du-jimsr\/","title":{"rendered":"Appel de manuscrits du JIMSR pour 2018 : M\u00e9decine personnalis\u00e9e"},"content":{"rendered":"<h4><strong>NUM\u00c9RO SP\u00c9CIAL sur la M\u00c9DECINE PERSONNALIS\u00c9E <\/strong><\/h4>\n<p>Nous pr\u00e9parons un num\u00e9ro sp\u00e9cial du <em>Journal de l\u2019imagerie m\u00e9dicale et des sciences de la radiation<\/em> (JIMSR) qui portera sur la <strong>M\u00e9decine personnalis\u00e9e<\/strong> et qui sera publi\u00e9 en d\u00e9cembre 2018.<\/p>\n<p>Il nous reste une place pour notre num\u00e9ro sp\u00e9cial 2018 sur la m\u00e9decine personnalis\u00e9e. La nouveaut\u00e9 de ce num\u00e9ro sp\u00e9cial consiste en une demande de soumissions originales pour une rubrique Lettres \u00e0 la r\u00e9daction \u2014 une collection de correspondance de notre lectorat, incluant, sans toutefois s\u2019y restreindre, des r\u00e9flexions sur des exp\u00e9riences en milieu de travail, diff\u00e9rentes approches disciplinaires \u00e0 la pr\u00e9paration des apprenants, ou la culture de comp\u00e9tences et responsabilit\u00e9s nouvelles relatives \u00e0 la m\u00e9decine personnalis\u00e9e. Les r\u00e9dacteurs rechercheront des lettres offrant des r\u00e9flexions, des observations et des suggestions cr\u00e9atives relatives aux d\u00e9fis dans ce domaine et dans toutes les disciplines. Veuillez soumettre votre texte avant <strong>le 30 ao\u00fbt 2018.<\/strong> Si vous avez des questions, veuillez communiquer avec nous \u00e0 editor@camrt.ca<\/p>\n<p>L\u2019invitation est lanc\u00e9e aux TRM et \u00e0 nos coll\u00e8gues des autres professions \u00e0 proposer des articles sur le th\u00e8me de la m\u00e9decine personnalis\u00e9e, incluant, mais sans s\u2019y limiter\u00a0:<\/p>\n<ul>\n<li>l\u2019incidence de la radiographie, de la m\u00e9decine nucl\u00e9aire, de la TEP, de la TDM, de l\u2019IRM ou de l\u2019\u00e9chographie (individuellement ou en synergie) pour \u00e9clairer les plans de traitement personnalis\u00e9s;<\/li>\n<li>l\u2019incidence de la radiographie, de la m\u00e9decine nucl\u00e9aire, de la TEP, de la TDM, de l\u2019IRM ou de l\u2019\u00e9chographie (individuellement ou en synergie) sur le suivi de la r\u00e9ponse aux traitements;<\/li>\n<li>les approches de m\u00e9decine personnalis\u00e9e en radioth\u00e9rapie;<\/li>\n<li>des donn\u00e9es probantes sp\u00e9cifiques (examens syst\u00e9matiques), des dossiers d\u2019enseignement ou des sc\u00e9narios d\u00e9montrant l\u2019incidence de la m\u00e9decine personnalis\u00e9e;<\/li>\n<li>des donn\u00e9es probantes sp\u00e9cifiques (examens syst\u00e9matiques) ou des dossiers d\u2019enseignement mettant en lumi\u00e8re la valeur de la collaboration interprofessionnelle en m\u00e9decine personnalis\u00e9e;<\/li>\n<li>la recherche et la d\u00e9monstration (qualitative ou quantitative) des r\u00e9sultats de la m\u00e9decine personnalis\u00e9e;<\/li>\n<li>les d\u00e9fis associ\u00e9s \u00e0 la m\u00e9decine personnalis\u00e9e\u00a0: co\u00fbt, uniformit\u00e9 \/ \u00e9quit\u00e9, risque, dose de radiation, isolement g\u00e9ographique, sant\u00e9 dans les \u00e9conomies en d\u00e9veloppement, populations autochtones et autres sous-populations sp\u00e9cifiques;<\/li>\n<li>perspectives cliniques et d\u2019enseignement, incluant la formation, le mentorat et les mod\u00e8les de prestation.<\/li>\n<\/ul>\n<h4><strong>Qu\u2019est-ce que la m\u00e9decine personnalis\u00e9e?<\/strong><\/h4>\n<p>Des soins m\u00e9dicaux dans lesquels le traitement est personnalis\u00e9 pour un patient individuel.<\/p>\n<p><a href=\"http:\/\/www.jmirs.org\/\">http:\/\/www.jmirs.org\/<\/a>.<\/p>\n<p><strong>Vous avez des questions?<\/strong>\u00a0Communiquez avec la r\u00e9dactrice en chef \u00e0 <a href=\"mailto:editor@camrt.ca\">editor@camrt.ca<\/a><\/p>\n<p>&nbsp;<\/p>\n","protected":false},"excerpt":{"rendered":"<p>NUM\u00c9RO SP\u00c9CIAL sur la M\u00c9DECINE PERSONNALIS\u00c9E Nous pr\u00e9parons un num\u00e9ro sp\u00e9cial du Journal de l\u2019imagerie m\u00e9dicale et des sciences de la radiation (JIMSR) qui portera sur la M\u00e9decine personnalis\u00e9e et [&hellip;]<\/p>\n","protected":false},"author":30,"featured_media":7249,"comment_status":"open","ping_status":"open","sticky":false,"template":"","format":"standard","meta":{"_monsterinsights_skip_tracking":false,"_monsterinsights_sitenote_active":false,"_monsterinsights_sitenote_note":"","_monsterinsights_sitenote_category":0,"footnotes":""},"categories":[104],"tags":[],"class_list":["post-47313","post","type-post","status-publish","format-standard","has-post-thumbnail","hentry","category-nouvelles"],"_links":{"self":[{"href":"https:\/\/camrt.ca\/fr\/wp-json\/wp\/v2\/posts\/47313","targetHints":{"allow":["GET"]}}],"collection":[{"href":"https:\/\/camrt.ca\/fr\/wp-json\/wp\/v2\/posts"}],"about":[{"href":"https:\/\/camrt.ca\/fr\/wp-json\/wp\/v2\/types\/post"}],"author":[{"embeddable":true,"href":"https:\/\/camrt.ca\/fr\/wp-json\/wp\/v2\/users\/30"}],"replies":[{"embeddable":true,"href":"https:\/\/camrt.ca\/fr\/wp-json\/wp\/v2\/comments?post=47313"}],"version-history":[{"count":0,"href":"https:\/\/camrt.ca\/fr\/wp-json\/wp\/v2\/posts\/47313\/revisions"}],"wp:featuredmedia":[{"embeddable":true,"href":"https:\/\/camrt.ca\/fr\/wp-json\/wp\/v2\/media\/7249"}],"wp:attachment":[{"href":"https:\/\/camrt.ca\/fr\/wp-json\/wp\/v2\/media?parent=47313"}],"wp:term":[{"taxonomy":"category","embeddable":true,"href":"https:\/\/camrt.ca\/fr\/wp-json\/wp\/v2\/categories?post=47313"},{"taxonomy":"post_tag","embeddable":true,"href":"https:\/\/camrt.ca\/fr\/wp-json\/wp\/v2\/tags?post=47313"}],"curies":[{"name":"wp","href":"https:\/\/api.w.org\/{rel}","templated":true}]}}