{"id":10889,"date":"2018-04-17T13:14:29","date_gmt":"2018-04-17T17:14:29","guid":{"rendered":"https:\/\/camrt.wpenginepowered.com\/fr\/?p=10889"},"modified":"2025-09-05T10:50:45","modified_gmt":"2025-09-05T14:50:45","slug":"merci-a-nos-benevoles-2","status":"publish","type":"post","link":"https:\/\/camrt.ca\/fr\/blog\/2018\/04\/17\/merci-a-nos-benevoles-2\/","title":{"rendered":"Merci \u00e0 nos b\u00e9n\u00e9voles"},"content":{"rendered":"<p><a href=\"https:\/\/camrt.ca\/wp-content\/uploads\/2018\/04\/SAB2018_FR_11x17-e1523984999670.jpg\"><img loading=\"lazy\" decoding=\"async\" class=\"wp-image-10890 alignleft\" src=\"https:\/\/camrt.ca\/wp-content\/uploads\/2018\/04\/SAB2018_FR_11x17-e1523984999670.jpg\" alt=\"\" width=\"378\" height=\"245\" \/><\/a>La semaine du 15 au 21 avril est\u00a0<a href=\"http:\/\/volunteer.ca\/index.php?MenuItemID=331&amp;lang=fr\" target=\"_blank\" rel=\"noopener\">la Semaine nationale de l\u2019action b\u00e9n\u00e9vole<\/a>, une semaine pour rendre hommage aux millions de b\u00e9n\u00e9voles du Canada. Le th\u00e8me de cette ann\u00e9e est \u00ab <strong>C\u00e9l\u00e9brons la valeur du b\u00e9n\u00e9volat \u2013 Renfor\u00e7ons la confiance, la comp\u00e9tence, les liens et la collectivit\u00e9<\/strong> \u00bb.<\/p>\n<p>Le b\u00e9n\u00e9volat est souvent per\u00e7u comme un acte altruiste, car les b\u00e9n\u00e9voles font don de leur temps, de leurs comp\u00e9tences, de leur exp\u00e9rience et de leur passion pour aider autrui, sans rien attendre en retour. Bien que le b\u00e9n\u00e9volat soit une forme de service, plusieurs b\u00e9n\u00e9voles soutiennent qu\u2019ils \u00ab re\u00e7oivent plus qu\u2019ils ne donnent \u00bb. De la possibilit\u00e9 d\u2019acqu\u00e9rir de nouvelles comp\u00e9tences \u00e0 l\u2019\u00e9tablissement de liens personnels profonds et significatifs, la magie du b\u00e9n\u00e9volat est telle qu\u2019elle cr\u00e9e une valeur socio\u00e9conomique pour tous, des particuliers aux familles, en passant par les organismes, les quartiers, les collectivit\u00e9s et m\u00eame le Canada dans son ensemble. Une telle richesse m\u00e9rite d\u2019\u00eatre soulign\u00e9e!<\/p>\n<p>&nbsp;<\/p>\n<p>La Semaine de l\u2019action b\u00e9n\u00e9vole est le moment choisi par l\u2019ACTRM pour exprimer sa gratitude envers les nombreux b\u00e9n\u00e9voles qui travaillent avec nous. Aux racines de notre organisation, ce sont nos b\u00e9n\u00e9voles que nous devons remercier pour la solidit\u00e9 de la collectivit\u00e9 de l\u2019ACTRM. Chaque ann\u00e9e, des centaines de membres donnent de leur temps pour contribuer \u00e0 la cr\u00e9ation et \u00e0 la validation de nos examens d\u2019agr\u00e9ment, qui nous conseillent sur l\u2019avancement de l\u2019exercice de la profession, et qui font avec enthousiasme la promotion de la profession. Ils si\u00e8gent aussi \u00e0 de nombreux comit\u00e9s, groupes de travail, et groupes de discussions qui offrent des id\u00e9es, de l\u2019inspiration et tout simplement du travail en appui \u00e0 la vision et \u00e0 la mission qui poussent notre profession vers l\u2019avant. Dans ce num\u00e9ro, il nous fait plaisir de pr\u00e9senter le Comit\u00e9 consultatif sur l\u2019avenir de la profession, le Comit\u00e9 consultatif sur les pratiques professionnelles, certains membres de notre conseil d\u2019administration et d\u2019autres b\u00e9n\u00e9voles qui font un travail de tous les instants.<\/p>\n<p>&nbsp;<\/p>\n<p>Si vous souhaitez devenir b\u00e9n\u00e9vole au sein de l\u2019ACTRM, consultez les possibilit\u00e9s sur\u00a0<a href=\"https:\/\/camrt.wpenginepowered.com\/fr\/a-propos-de-actrm\/benevolat\/\" target=\"_blank\" rel=\"noopener\">https:\/\/camrt.wpenginepowered.com\/fr\/a-propos-de-actrm\/benevolat\/<\/a>.<\/p>\n<p>&nbsp;<\/p>\n<h4 id=\"tw-target-text\" class=\"tw-data-text tw-ta tw-text-small\"><span lang=\"fr\" style=\"color: #0033a0\">Voir la <strong><a style=\"color: #0033a0\" href=\"https:\/\/camrt.ca\/wp-content\/uploads\/2018\/04\/Volunteer-Week-Francois-video-1.mov\">vid\u00e9o<\/a><\/strong>\u00a0de remerciements de Fran\u00e7ois Couillard \u00e0 tous nos b\u00e9n\u00e9voles!<\/span><\/h4>\n","protected":false},"excerpt":{"rendered":"<p>La semaine du 15 au 21 avril est\u00a0la Semaine nationale de l\u2019action b\u00e9n\u00e9vole, une semaine pour rendre hommage aux millions de b\u00e9n\u00e9voles du Canada. Le th\u00e8me de cette ann\u00e9e est [&hellip;]<\/p>\n","protected":false},"author":30,"featured_media":10890,"comment_status":"open","ping_status":"open","sticky":false,"template":"","format":"standard","meta":{"_monsterinsights_skip_tracking":false,"_monsterinsights_sitenote_active":false,"_monsterinsights_sitenote_note":"","_monsterinsights_sitenote_category":0,"footnotes":""},"categories":[104],"tags":[],"class_list":["post-10889","post","type-post","status-publish","format-standard","has-post-thumbnail","hentry","category-nouvelles"],"_links":{"self":[{"href":"https:\/\/camrt.ca\/fr\/wp-json\/wp\/v2\/posts\/10889","targetHints":{"allow":["GET"]}}],"collection":[{"href":"https:\/\/camrt.ca\/fr\/wp-json\/wp\/v2\/posts"}],"about":[{"href":"https:\/\/camrt.ca\/fr\/wp-json\/wp\/v2\/types\/post"}],"author":[{"embeddable":true,"href":"https:\/\/camrt.ca\/fr\/wp-json\/wp\/v2\/users\/30"}],"replies":[{"embeddable":true,"href":"https:\/\/camrt.ca\/fr\/wp-json\/wp\/v2\/comments?post=10889"}],"version-history":[{"count":0,"href":"https:\/\/camrt.ca\/fr\/wp-json\/wp\/v2\/posts\/10889\/revisions"}],"wp:featuredmedia":[{"embeddable":true,"href":"https:\/\/camrt.ca\/fr\/wp-json\/wp\/v2\/media\/10890"}],"wp:attachment":[{"href":"https:\/\/camrt.ca\/fr\/wp-json\/wp\/v2\/media?parent=10889"}],"wp:term":[{"taxonomy":"category","embeddable":true,"href":"https:\/\/camrt.ca\/fr\/wp-json\/wp\/v2\/categories?post=10889"},{"taxonomy":"post_tag","embeddable":true,"href":"https:\/\/camrt.ca\/fr\/wp-json\/wp\/v2\/tags?post=10889"}],"curies":[{"name":"wp","href":"https:\/\/api.w.org\/{rel}","templated":true}]}}